{"id":458,"date":"2011-08-22T01:56:31","date_gmt":"2011-08-22T04:56:31","guid":{"rendered":"http:\/\/www.encontramaua.com.br\/noticias\/?p=458"},"modified":"2013-08-13T16:36:05","modified_gmt":"2013-08-13T19:36:05","slug":"nova-zona-azul-ja-esta-valendo-em-maua-%e2%80%8e","status":"publish","type":"post","link":"https:\/\/www.encontramaua.com.br\/sobre\/nova-zona-azul-ja-esta-valendo-em-maua-%e2%80%8e\/","title":{"rendered":"Nova Zona Azul j\u00e1 est\u00e1 valendo em Mau\u00e1 \u200e"},"content":{"rendered":"<div class=\"8dd291b556716134726ebcc4cf3ee453\" data-index=\"1\" style=\"float: none; margin:5px 0 5px 0; text-align:center;\">\n<!-- PUB 73 - Responsivo Horizontal -->\r\n<ins class=\"adsbygoogle\"\r\n     style=\"display:block\"\r\n     data-ad-client=\"ca-pub-7321736592693252\"\r\n     data-ad-slot=\"3087950420\"\r\n     data-ad-format=\"auto\"\r\n     data-full-width-responsive=\"true\"><\/ins>\r\n<script>\r\n     (adsbygoogle = window.adsbygoogle || []).push({});\r\n<\/script>\n<\/div>\n<p>Come\u00e7ou a valer a nova pol\u00edtica de Estacionamento Rotativo em guia da cidade Mau\u00e1.  S\u00e3o 2,9 mil vagas, distribu\u00eddas por bairros como Centro, vila Bocaina,  Matriz, Jardim Za\u00edra e Parque das Am\u00e9ricas.<\/p>\n<p>Nesta semana (entre os dias 22 e 27 de agosto), as monitoras da empresa  concession\u00e1ria do servi\u00e7o j\u00e1 v\u00e3o fiscalizar ve\u00edculos estacionados na  regi\u00e3o central. Elas distribuir\u00e3o dois tipos de material. Um ser\u00e1 para  os motoristas que estacionaram regularmente; eles v\u00e3o receber os  parab\u00e9ns. J\u00e1 os que n\u00e3o adquiram o bilhete da zona azul ou que n\u00e3o  regularizaram a situa\u00e7\u00e3o pela internet receber\u00e3o um panfleto de aviso:  podem ser multados. As autua\u00e7\u00f5es, no entanto, s\u00f3 come\u00e7am no dia 29.<\/p>\n<p>O novo modelo foi decidido ap\u00f3s uma s\u00e9rie de reuni\u00f5es entre a Prefeitura  e comerciantes da cidade, que pediram a\u00e7\u00f5es que garantissem um melhor  movimento para seus neg\u00f3cios. O valor do estacionamento \u00e9 de R$ 0,75  para cada meia hora. Os motoristas podem ficar at\u00e9 duas horas parados em  uma vaga demarcada.<\/p>\n<p>O pagamento pode ser feito por meio de moedas inseridas nos  parqu\u00edmetros, que foram instalados na cidade nas \u00faltimas semanas. O  motorista tamb\u00e9m pode comprar um cart\u00e3o recarreg\u00e1vel, que ser\u00e1  distribu\u00eddo nos postos de venda. Pode, ainda, requerer a autoriza\u00e7\u00e3o de  estacionamento pela internet.<\/p>\n<p><strong>Taxa administrativa<br \/>\n<\/strong>A multa \u00e9 de R$ 53,20. Ao ser notificados sobre a  irregularidade, no entanto, os motoristas ter\u00e3o ainda a chance de pagar  um taxa administrativa de R$ 15 e ficar livres da autua\u00e7\u00e3o. A taxa  poder\u00e1 ser paga nos parqu\u00edmetros \u2013 somente com moedas \u2013 ou nos postos de  venda.<br \/>\n<em><br \/>\nFonte: Rep\u00f3rter Di\u00e1rio<\/em><\/p>\n\n<div style=\"font-size: 0px; height: 0px; line-height: 0px; margin: 0; padding: 0; clear: both;\"><\/div>","protected":false},"excerpt":{"rendered":"<p>Come\u00e7ou a valer a nova pol\u00edtica de Estacionamento Rotativo em guia da cidade Mau\u00e1. S\u00e3o 2,9 mil vagas, distribu\u00eddas por bairros como Centro, vila Bocaina, Matriz, Jardim Za\u00edra e Parque das Am\u00e9ricas. Nesta semana (entre os dias 22 e 27 de agosto), as monitoras da empresa concession\u00e1ria do servi\u00e7o j\u00e1 v\u00e3o fiscalizar ve\u00edculos estacionados na regi\u00e3o central. Elas distribuir\u00e3o dois tipos de material. Um ser\u00e1 para os motoristas que estacionaram regularmente; eles v\u00e3o receber os parab\u00e9ns. J\u00e1 os que n\u00e3o adquiram o bilhete da zona azul ou que n\u00e3o regularizaram a situa\u00e7\u00e3o pela internet receber\u00e3o um panfleto de aviso: podem <\/p>\n","protected":false},"author":1,"featured_media":0,"comment_status":"open","ping_status":"open","sticky":false,"template":"","format":"standard","meta":{"footnotes":""},"categories":[6],"tags":[],"class_list":["post-458","post","type-post","status-publish","format-standard","hentry","category-noticias-em-maua"],"yoast_head":"<!-- This site is optimized with the Yoast SEO plugin v28.2 - https:\/\/yoast.com\/product\/yoast-seo-wordpress\/ -->\n<title>Nova Zona Azul j\u00e1 est\u00e1 valendo em Mau\u00e1 \u200e - Encontra Mau\u00e1<\/title>\n<meta name=\"robots\" content=\"index, follow, max-snippet:-1, max-image-preview:large, max-video-preview:-1\" \/>\n<link rel=\"canonical\" href=\"https:\/\/www.encontramaua.com.br\/sobre\/nova-zona-azul-ja-esta-valendo-em-maua-\u200e\/\" \/>\n<meta property=\"og:locale\" content=\"pt_BR\" \/>\n<meta property=\"og:type\" content=\"article\" \/>\n<meta property=\"og:title\" content=\"Nova Zona Azul j\u00e1 est\u00e1 valendo em Mau\u00e1 \u200e - Encontra Mau\u00e1\" \/>\n<meta property=\"og:description\" content=\"Come\u00e7ou a valer a nova pol\u00edtica de Estacionamento Rotativo em guia da cidade Mau\u00e1. S\u00e3o 2,9 mil vagas, distribu\u00eddas por bairros como Centro, vila Bocaina, Matriz, Jardim Za\u00edra e Parque das Am\u00e9ricas. Nesta semana (entre os dias 22 e 27 de agosto), as monitoras da empresa concession\u00e1ria do servi\u00e7o j\u00e1 v\u00e3o fiscalizar ve\u00edculos estacionados na regi\u00e3o central. Elas distribuir\u00e3o dois tipos de material. Um ser\u00e1 para os motoristas que estacionaram regularmente; eles v\u00e3o receber os parab\u00e9ns. J\u00e1 os que n\u00e3o adquiram o bilhete da zona azul ou que n\u00e3o regularizaram a situa\u00e7\u00e3o pela internet receber\u00e3o um panfleto de aviso: podem\" \/>\n<meta property=\"og:url\" content=\"https:\/\/www.encontramaua.com.br\/sobre\/nova-zona-azul-ja-esta-valendo-em-maua-\u200e\/\" \/>\n<meta property=\"og:site_name\" content=\"Encontra Mau\u00e1\" \/>\n<meta property=\"article:published_time\" content=\"2011-08-22T04:56:31+00:00\" \/>\n<meta property=\"article:modified_time\" content=\"2013-08-13T19:36:05+00:00\" \/>\n<meta name=\"author\" content=\"Encontra Mau\u00e1\" \/>\n<meta name=\"twitter:card\" content=\"summary_large_image\" \/>\n<meta name=\"twitter:label1\" content=\"Escrito por\" \/>\n\t<meta name=\"twitter:data1\" content=\"Encontra Mau\u00e1\" \/>\n\t<meta name=\"twitter:label2\" content=\"Est. tempo de leitura\" \/>\n\t<meta name=\"twitter:data2\" content=\"1 minuto\" \/>\n<script type=\"application\/ld+json\" class=\"yoast-schema-graph\">{\"@context\":\"https:\\\/\\\/schema.org\",\"@graph\":[{\"@type\":\"Article\",\"@id\":\"https:\\\/\\\/www.encontramaua.com.br\\\/sobre\\\/nova-zona-azul-ja-esta-valendo-em-maua-%e2%80%8e\\\/#article\",\"isPartOf\":{\"@id\":\"https:\\\/\\\/www.encontramaua.com.br\\\/sobre\\\/nova-zona-azul-ja-esta-valendo-em-maua-%e2%80%8e\\\/\"},\"author\":{\"name\":\"Encontra Mau\u00e1\",\"@id\":\"https:\\\/\\\/www.encontramaua.com.br\\\/sobre\\\/#\\\/schema\\\/person\\\/a7061e2b0d7e11612046d3434c5afa96\"},\"headline\":\"Nova Zona Azul j\u00e1 est\u00e1 valendo em Mau\u00e1 \u200e\",\"datePublished\":\"2011-08-22T04:56:31+00:00\",\"dateModified\":\"2013-08-13T19:36:05+00:00\",\"mainEntityOfPage\":{\"@id\":\"https:\\\/\\\/www.encontramaua.com.br\\\/sobre\\\/nova-zona-azul-ja-esta-valendo-em-maua-%e2%80%8e\\\/\"},\"wordCount\":295,\"commentCount\":0,\"articleSection\":[\"Not\u00edcias Mau\u00e1\"],\"inLanguage\":\"pt-BR\",\"potentialAction\":[{\"@type\":\"CommentAction\",\"name\":\"Comment\",\"target\":[\"https:\\\/\\\/www.encontramaua.com.br\\\/sobre\\\/nova-zona-azul-ja-esta-valendo-em-maua-%e2%80%8e\\\/#respond\"]}]},{\"@type\":\"WebPage\",\"@id\":\"https:\\\/\\\/www.encontramaua.com.br\\\/sobre\\\/nova-zona-azul-ja-esta-valendo-em-maua-%e2%80%8e\\\/\",\"url\":\"https:\\\/\\\/www.encontramaua.com.br\\\/sobre\\\/nova-zona-azul-ja-esta-valendo-em-maua-%e2%80%8e\\\/\",\"name\":\"Nova Zona Azul j\u00e1 est\u00e1 valendo em Mau\u00e1 \u200e - Encontra Mau\u00e1\",\"isPartOf\":{\"@id\":\"https:\\\/\\\/www.encontramaua.com.br\\\/sobre\\\/#website\"},\"datePublished\":\"2011-08-22T04:56:31+00:00\",\"dateModified\":\"2013-08-13T19:36:05+00:00\",\"author\":{\"@id\":\"https:\\\/\\\/www.encontramaua.com.br\\\/sobre\\\/#\\\/schema\\\/person\\\/a7061e2b0d7e11612046d3434c5afa96\"},\"breadcrumb\":{\"@id\":\"https:\\\/\\\/www.encontramaua.com.br\\\/sobre\\\/nova-zona-azul-ja-esta-valendo-em-maua-%e2%80%8e\\\/#breadcrumb\"},\"inLanguage\":\"pt-BR\",\"potentialAction\":[{\"@type\":\"ReadAction\",\"target\":[\"https:\\\/\\\/www.encontramaua.com.br\\\/sobre\\\/nova-zona-azul-ja-esta-valendo-em-maua-%e2%80%8e\\\/\"]}]},{\"@type\":\"BreadcrumbList\",\"@id\":\"https:\\\/\\\/www.encontramaua.com.br\\\/sobre\\\/nova-zona-azul-ja-esta-valendo-em-maua-%e2%80%8e\\\/#breadcrumb\",\"itemListElement\":[{\"@type\":\"ListItem\",\"position\":1,\"name\":\"In\u00edcio\",\"item\":\"https:\\\/\\\/www.encontramaua.com.br\\\/sobre\\\/\"},{\"@type\":\"ListItem\",\"position\":2,\"name\":\"Nova Zona Azul j\u00e1 est\u00e1 valendo em Mau\u00e1 \u200e\"}]},{\"@type\":\"WebSite\",\"@id\":\"https:\\\/\\\/www.encontramaua.com.br\\\/sobre\\\/#website\",\"url\":\"https:\\\/\\\/www.encontramaua.com.br\\\/sobre\\\/\",\"name\":\"Encontra Mau\u00e1\",\"description\":\"Not\u00edcias, eventos, informa\u00e7\u00f5es e dicas na cidade de Mau\u00e1 e regi\u00e3o\",\"potentialAction\":[{\"@type\":\"SearchAction\",\"target\":{\"@type\":\"EntryPoint\",\"urlTemplate\":\"https:\\\/\\\/www.encontramaua.com.br\\\/sobre\\\/?s={search_term_string}\"},\"query-input\":{\"@type\":\"PropertyValueSpecification\",\"valueRequired\":true,\"valueName\":\"search_term_string\"}}],\"inLanguage\":\"pt-BR\"},{\"@type\":\"Person\",\"@id\":\"https:\\\/\\\/www.encontramaua.com.br\\\/sobre\\\/#\\\/schema\\\/person\\\/a7061e2b0d7e11612046d3434c5afa96\",\"name\":\"Encontra Mau\u00e1\",\"image\":{\"@type\":\"ImageObject\",\"inLanguage\":\"pt-BR\",\"@id\":\"https:\\\/\\\/secure.gravatar.com\\\/avatar\\\/507340682b8270222e1f208e23198b6ae7e2c6a1033ae84e99bc6bce4f82a387?s=96&d=mm&r=g\",\"url\":\"https:\\\/\\\/secure.gravatar.com\\\/avatar\\\/507340682b8270222e1f208e23198b6ae7e2c6a1033ae84e99bc6bce4f82a387?s=96&d=mm&r=g\",\"contentUrl\":\"https:\\\/\\\/secure.gravatar.com\\\/avatar\\\/507340682b8270222e1f208e23198b6ae7e2c6a1033ae84e99bc6bce4f82a387?s=96&d=mm&r=g\",\"caption\":\"Encontra Mau\u00e1\"},\"sameAs\":[\"http:\\\/\\\/www.encontramaua.com.br\"],\"url\":\"https:\\\/\\\/www.encontramaua.com.br\\\/sobre\\\/author\\\/emaua\\\/\"}]}<\/script>\n<!-- \/ Yoast SEO plugin. -->","yoast_head_json":{"title":"Nova Zona Azul j\u00e1 est\u00e1 valendo em Mau\u00e1 \u200e - Encontra Mau\u00e1","robots":{"index":"index","follow":"follow","max-snippet":"max-snippet:-1","max-image-preview":"max-image-preview:large","max-video-preview":"max-video-preview:-1"},"canonical":"https:\/\/www.encontramaua.com.br\/sobre\/nova-zona-azul-ja-esta-valendo-em-maua-\u200e\/","og_locale":"pt_BR","og_type":"article","og_title":"Nova Zona Azul j\u00e1 est\u00e1 valendo em Mau\u00e1 \u200e - Encontra Mau\u00e1","og_description":"Come\u00e7ou a valer a nova pol\u00edtica de Estacionamento Rotativo em guia da cidade Mau\u00e1. S\u00e3o 2,9 mil vagas, distribu\u00eddas por bairros como Centro, vila Bocaina, Matriz, Jardim Za\u00edra e Parque das Am\u00e9ricas. Nesta semana (entre os dias 22 e 27 de agosto), as monitoras da empresa concession\u00e1ria do servi\u00e7o j\u00e1 v\u00e3o fiscalizar ve\u00edculos estacionados na regi\u00e3o central. Elas distribuir\u00e3o dois tipos de material. Um ser\u00e1 para os motoristas que estacionaram regularmente; eles v\u00e3o receber os parab\u00e9ns. J\u00e1 os que n\u00e3o adquiram o bilhete da zona azul ou que n\u00e3o regularizaram a situa\u00e7\u00e3o pela internet receber\u00e3o um panfleto de aviso: podem","og_url":"https:\/\/www.encontramaua.com.br\/sobre\/nova-zona-azul-ja-esta-valendo-em-maua-\u200e\/","og_site_name":"Encontra Mau\u00e1","article_published_time":"2011-08-22T04:56:31+00:00","article_modified_time":"2013-08-13T19:36:05+00:00","author":"Encontra Mau\u00e1","twitter_card":"summary_large_image","twitter_misc":{"Escrito por":"Encontra Mau\u00e1","Est. tempo de leitura":"1 minuto"},"schema":{"@context":"https:\/\/schema.org","@graph":[{"@type":"Article","@id":"https:\/\/www.encontramaua.com.br\/sobre\/nova-zona-azul-ja-esta-valendo-em-maua-%e2%80%8e\/#article","isPartOf":{"@id":"https:\/\/www.encontramaua.com.br\/sobre\/nova-zona-azul-ja-esta-valendo-em-maua-%e2%80%8e\/"},"author":{"name":"Encontra Mau\u00e1","@id":"https:\/\/www.encontramaua.com.br\/sobre\/#\/schema\/person\/a7061e2b0d7e11612046d3434c5afa96"},"headline":"Nova Zona Azul j\u00e1 est\u00e1 valendo em Mau\u00e1 \u200e","datePublished":"2011-08-22T04:56:31+00:00","dateModified":"2013-08-13T19:36:05+00:00","mainEntityOfPage":{"@id":"https:\/\/www.encontramaua.com.br\/sobre\/nova-zona-azul-ja-esta-valendo-em-maua-%e2%80%8e\/"},"wordCount":295,"commentCount":0,"articleSection":["Not\u00edcias Mau\u00e1"],"inLanguage":"pt-BR","potentialAction":[{"@type":"CommentAction","name":"Comment","target":["https:\/\/www.encontramaua.com.br\/sobre\/nova-zona-azul-ja-esta-valendo-em-maua-%e2%80%8e\/#respond"]}]},{"@type":"WebPage","@id":"https:\/\/www.encontramaua.com.br\/sobre\/nova-zona-azul-ja-esta-valendo-em-maua-%e2%80%8e\/","url":"https:\/\/www.encontramaua.com.br\/sobre\/nova-zona-azul-ja-esta-valendo-em-maua-%e2%80%8e\/","name":"Nova Zona Azul j\u00e1 est\u00e1 valendo em Mau\u00e1 \u200e - Encontra Mau\u00e1","isPartOf":{"@id":"https:\/\/www.encontramaua.com.br\/sobre\/#website"},"datePublished":"2011-08-22T04:56:31+00:00","dateModified":"2013-08-13T19:36:05+00:00","author":{"@id":"https:\/\/www.encontramaua.com.br\/sobre\/#\/schema\/person\/a7061e2b0d7e11612046d3434c5afa96"},"breadcrumb":{"@id":"https:\/\/www.encontramaua.com.br\/sobre\/nova-zona-azul-ja-esta-valendo-em-maua-%e2%80%8e\/#breadcrumb"},"inLanguage":"pt-BR","potentialAction":[{"@type":"ReadAction","target":["https:\/\/www.encontramaua.com.br\/sobre\/nova-zona-azul-ja-esta-valendo-em-maua-%e2%80%8e\/"]}]},{"@type":"BreadcrumbList","@id":"https:\/\/www.encontramaua.com.br\/sobre\/nova-zona-azul-ja-esta-valendo-em-maua-%e2%80%8e\/#breadcrumb","itemListElement":[{"@type":"ListItem","position":1,"name":"In\u00edcio","item":"https:\/\/www.encontramaua.com.br\/sobre\/"},{"@type":"ListItem","position":2,"name":"Nova Zona Azul j\u00e1 est\u00e1 valendo em Mau\u00e1 \u200e"}]},{"@type":"WebSite","@id":"https:\/\/www.encontramaua.com.br\/sobre\/#website","url":"https:\/\/www.encontramaua.com.br\/sobre\/","name":"Encontra Mau\u00e1","description":"Not\u00edcias, eventos, informa\u00e7\u00f5es e dicas na cidade de Mau\u00e1 e regi\u00e3o","potentialAction":[{"@type":"SearchAction","target":{"@type":"EntryPoint","urlTemplate":"https:\/\/www.encontramaua.com.br\/sobre\/?s={search_term_string}"},"query-input":{"@type":"PropertyValueSpecification","valueRequired":true,"valueName":"search_term_string"}}],"inLanguage":"pt-BR"},{"@type":"Person","@id":"https:\/\/www.encontramaua.com.br\/sobre\/#\/schema\/person\/a7061e2b0d7e11612046d3434c5afa96","name":"Encontra Mau\u00e1","image":{"@type":"ImageObject","inLanguage":"pt-BR","@id":"https:\/\/secure.gravatar.com\/avatar\/507340682b8270222e1f208e23198b6ae7e2c6a1033ae84e99bc6bce4f82a387?s=96&d=mm&r=g","url":"https:\/\/secure.gravatar.com\/avatar\/507340682b8270222e1f208e23198b6ae7e2c6a1033ae84e99bc6bce4f82a387?s=96&d=mm&r=g","contentUrl":"https:\/\/secure.gravatar.com\/avatar\/507340682b8270222e1f208e23198b6ae7e2c6a1033ae84e99bc6bce4f82a387?s=96&d=mm&r=g","caption":"Encontra Mau\u00e1"},"sameAs":["http:\/\/www.encontramaua.com.br"],"url":"https:\/\/www.encontramaua.com.br\/sobre\/author\/emaua\/"}]}},"_links":{"self":[{"href":"https:\/\/www.encontramaua.com.br\/sobre\/wp-json\/wp\/v2\/posts\/458","targetHints":{"allow":["GET"]}}],"collection":[{"href":"https:\/\/www.encontramaua.com.br\/sobre\/wp-json\/wp\/v2\/posts"}],"about":[{"href":"https:\/\/www.encontramaua.com.br\/sobre\/wp-json\/wp\/v2\/types\/post"}],"author":[{"embeddable":true,"href":"https:\/\/www.encontramaua.com.br\/sobre\/wp-json\/wp\/v2\/users\/1"}],"replies":[{"embeddable":true,"href":"https:\/\/www.encontramaua.com.br\/sobre\/wp-json\/wp\/v2\/comments?post=458"}],"version-history":[{"count":0,"href":"https:\/\/www.encontramaua.com.br\/sobre\/wp-json\/wp\/v2\/posts\/458\/revisions"}],"wp:attachment":[{"href":"https:\/\/www.encontramaua.com.br\/sobre\/wp-json\/wp\/v2\/media?parent=458"}],"wp:term":[{"taxonomy":"category","embeddable":true,"href":"https:\/\/www.encontramaua.com.br\/sobre\/wp-json\/wp\/v2\/categories?post=458"},{"taxonomy":"post_tag","embeddable":true,"href":"https:\/\/www.encontramaua.com.br\/sobre\/wp-json\/wp\/v2\/tags?post=458"}],"curies":[{"name":"wp","href":"https:\/\/api.w.org\/{rel}","templated":true}]}}