{"id":438,"date":"2011-08-17T01:16:41","date_gmt":"2011-08-17T04:16:41","guid":{"rendered":"http:\/\/www.encontramaua.com.br\/noticias\/?p=438"},"modified":"2013-08-13T16:36:05","modified_gmt":"2013-08-13T19:36:05","slug":"construcao-da-ufabc-em-maua-comeca-em-2012-%e2%80%8e","status":"publish","type":"post","link":"https:\/\/www.encontramaua.com.br\/sobre\/construcao-da-ufabc-em-maua-comeca-em-2012-%e2%80%8e\/","title":{"rendered":"Constru\u00e7\u00e3o da UFABC em Mau\u00e1 come\u00e7a em 2012 \u200e"},"content":{"rendered":"<div class=\"8dd291b556716134726ebcc4cf3ee453\" data-index=\"1\" style=\"float: none; margin:5px 0 5px 0; text-align:center;\">\n<!-- PUB 73 - Responsivo Horizontal -->\r\n<ins class=\"adsbygoogle\"\r\n     style=\"display:block\"\r\n     data-ad-client=\"ca-pub-7321736592693252\"\r\n     data-ad-slot=\"3087950420\"\r\n     data-ad-format=\"auto\"\r\n     data-full-width-responsive=\"true\"><\/ins>\r\n<script>\r\n     (adsbygoogle = window.adsbygoogle || []).push({});\r\n<\/script>\n<\/div>\n<p>Depois de encontro com a presidente Dilma Roussef em Bras\u00edlia, nesta  ter\u00e7a-feira (17), o prefeito da cidade Mau\u00e1, Oswaldo Dias (PT), obteve  confirma\u00e7\u00e3o da constru\u00e7\u00e3o do campus da UFABC (Universidade Federal do  ABC) no munic\u00edpio, provavelmente a partir do pr\u00f3ximo ano. As obras, no  entanto, s\u00f3 dever\u00e3o ser conclu\u00eddas em, no m\u00ednimo, 24 meses, o que gera  expectativa de que as aulas sejam iniciadas em espa\u00e7o provis\u00f3rio, como  aconteceu em Santo Andr\u00e9 e S\u00e3o Bernardo.<\/p>\n<p>Segundo o prefeito, a compra do terreno &#8211; localizado na avenida Papa  Jo\u00e3o XXIII, no Parque S\u00e3o Vicente -, feita pelo Governo Federal, dever\u00e1  ser conclu\u00edda nos pr\u00f3ximos dias. A partir disso, ser\u00e1 aberto processo de  licita\u00e7\u00e3o para contratar a empresa respons\u00e1vel pela obra, que n\u00e3o deve  ficar pronta antes de tr\u00eas anos. \u201cEssa \u00e9 uma obra de no m\u00ednimo 24 meses  de dura\u00e7\u00e3o. A menos que tenha uma for\u00e7a tarefa, acho dif\u00edcil concluirmos  antes de 2015\u201d, diz.<\/p>\n<p>O campus da UFABC em Mau\u00e1 ser\u00e1 constru\u00eddo em terreno de 127 m\u00b2, onde  funcionava o INSS (Instituto Nacional do Seguro Social), pr\u00f3ximo  Rodoanel Trecho Sul e Prefeitura. \u201cAlgumas pessoas n\u00e3o acreditavam que a  Universidade Federal de Mau\u00e1 sairia, mas agora est\u00e1 certo\u201d, comemora o  Prefeito.<\/p>\n<p><strong>In\u00edcio das aulas em espa\u00e7o provis\u00f3rio \u00e9 op\u00e7\u00e3o<\/strong><\/p>\n<p>Conforme adiantou o ex-presidente Luiz In\u00e1cio Lula da Silva,  na \u00faltima sexta-feira (12), as aulas da UFABC em Mau\u00e1 poder\u00e3o come\u00e7ar  em espa\u00e7o provis\u00f3rio, enquanto n\u00e3o terminam as obras no campus.  \u201cTrabalh\u00e1vamos com essa id\u00e9ia, mas ainda precisamos conversar com a  UFABC para ver se eles aprovam essa op\u00e7\u00e3o\u201d, destaca Dias.<\/p>\n<p><em>Fonte: Rep\u00f3ter Di\u00e1rio<\/em><\/p>\n\n<div style=\"font-size: 0px; height: 0px; line-height: 0px; margin: 0; padding: 0; clear: both;\"><\/div>","protected":false},"excerpt":{"rendered":"<p>Depois de encontro com a presidente Dilma Roussef em Bras\u00edlia, nesta ter\u00e7a-feira (17), o prefeito da cidade Mau\u00e1, Oswaldo Dias (PT), obteve confirma\u00e7\u00e3o da constru\u00e7\u00e3o do campus da UFABC (Universidade Federal do ABC) no munic\u00edpio, provavelmente a partir do pr\u00f3ximo ano. As obras, no entanto, s\u00f3 dever\u00e3o ser conclu\u00eddas em, no m\u00ednimo, 24 meses, o que gera expectativa de que as aulas sejam iniciadas em espa\u00e7o provis\u00f3rio, como aconteceu em Santo Andr\u00e9 e S\u00e3o Bernardo. Segundo o prefeito, a compra do terreno &#8211; localizado na avenida Papa Jo\u00e3o XXIII, no Parque S\u00e3o Vicente -, feita pelo Governo Federal, dever\u00e1 ser <\/p>\n","protected":false},"author":1,"featured_media":0,"comment_status":"open","ping_status":"open","sticky":false,"template":"","format":"standard","meta":{"footnotes":""},"categories":[6],"tags":[],"class_list":["post-438","post","type-post","status-publish","format-standard","hentry","category-noticias-em-maua"],"yoast_head":"<!-- This site is optimized with the Yoast SEO plugin v28.2 - https:\/\/yoast.com\/product\/yoast-seo-wordpress\/ -->\n<title>Constru\u00e7\u00e3o da UFABC em Mau\u00e1 come\u00e7a em 2012 \u200e - Encontra Mau\u00e1<\/title>\n<meta name=\"robots\" content=\"index, follow, max-snippet:-1, max-image-preview:large, max-video-preview:-1\" \/>\n<link rel=\"canonical\" href=\"https:\/\/www.encontramaua.com.br\/sobre\/construcao-da-ufabc-em-maua-comeca-em-2012-\u200e\/\" \/>\n<meta property=\"og:locale\" content=\"pt_BR\" \/>\n<meta property=\"og:type\" content=\"article\" \/>\n<meta property=\"og:title\" content=\"Constru\u00e7\u00e3o da UFABC em Mau\u00e1 come\u00e7a em 2012 \u200e - Encontra Mau\u00e1\" \/>\n<meta property=\"og:description\" content=\"Depois de encontro com a presidente Dilma Roussef em Bras\u00edlia, nesta ter\u00e7a-feira (17), o prefeito da cidade Mau\u00e1, Oswaldo Dias (PT), obteve confirma\u00e7\u00e3o da constru\u00e7\u00e3o do campus da UFABC (Universidade Federal do ABC) no munic\u00edpio, provavelmente a partir do pr\u00f3ximo ano. As obras, no entanto, s\u00f3 dever\u00e3o ser conclu\u00eddas em, no m\u00ednimo, 24 meses, o que gera expectativa de que as aulas sejam iniciadas em espa\u00e7o provis\u00f3rio, como aconteceu em Santo Andr\u00e9 e S\u00e3o Bernardo. Segundo o prefeito, a compra do terreno &#8211; localizado na avenida Papa Jo\u00e3o XXIII, no Parque S\u00e3o Vicente -, feita pelo Governo Federal, dever\u00e1 ser\" \/>\n<meta property=\"og:url\" content=\"https:\/\/www.encontramaua.com.br\/sobre\/construcao-da-ufabc-em-maua-comeca-em-2012-\u200e\/\" \/>\n<meta property=\"og:site_name\" content=\"Encontra Mau\u00e1\" \/>\n<meta property=\"article:published_time\" content=\"2011-08-17T04:16:41+00:00\" \/>\n<meta property=\"article:modified_time\" content=\"2013-08-13T19:36:05+00:00\" \/>\n<meta name=\"author\" content=\"Encontra Mau\u00e1\" \/>\n<meta name=\"twitter:card\" content=\"summary_large_image\" \/>\n<meta name=\"twitter:label1\" content=\"Escrito por\" \/>\n\t<meta name=\"twitter:data1\" content=\"Encontra Mau\u00e1\" \/>\n\t<meta name=\"twitter:label2\" content=\"Est. tempo de leitura\" \/>\n\t<meta name=\"twitter:data2\" content=\"1 minuto\" \/>\n<script type=\"application\/ld+json\" class=\"yoast-schema-graph\">{\"@context\":\"https:\\\/\\\/schema.org\",\"@graph\":[{\"@type\":\"Article\",\"@id\":\"https:\\\/\\\/www.encontramaua.com.br\\\/sobre\\\/construcao-da-ufabc-em-maua-comeca-em-2012-%e2%80%8e\\\/#article\",\"isPartOf\":{\"@id\":\"https:\\\/\\\/www.encontramaua.com.br\\\/sobre\\\/construcao-da-ufabc-em-maua-comeca-em-2012-%e2%80%8e\\\/\"},\"author\":{\"name\":\"Encontra Mau\u00e1\",\"@id\":\"https:\\\/\\\/www.encontramaua.com.br\\\/sobre\\\/#\\\/schema\\\/person\\\/a7061e2b0d7e11612046d3434c5afa96\"},\"headline\":\"Constru\u00e7\u00e3o da UFABC em Mau\u00e1 come\u00e7a em 2012 \u200e\",\"datePublished\":\"2011-08-17T04:16:41+00:00\",\"dateModified\":\"2013-08-13T19:36:05+00:00\",\"mainEntityOfPage\":{\"@id\":\"https:\\\/\\\/www.encontramaua.com.br\\\/sobre\\\/construcao-da-ufabc-em-maua-comeca-em-2012-%e2%80%8e\\\/\"},\"wordCount\":304,\"commentCount\":0,\"articleSection\":[\"Not\u00edcias Mau\u00e1\"],\"inLanguage\":\"pt-BR\",\"potentialAction\":[{\"@type\":\"CommentAction\",\"name\":\"Comment\",\"target\":[\"https:\\\/\\\/www.encontramaua.com.br\\\/sobre\\\/construcao-da-ufabc-em-maua-comeca-em-2012-%e2%80%8e\\\/#respond\"]}]},{\"@type\":\"WebPage\",\"@id\":\"https:\\\/\\\/www.encontramaua.com.br\\\/sobre\\\/construcao-da-ufabc-em-maua-comeca-em-2012-%e2%80%8e\\\/\",\"url\":\"https:\\\/\\\/www.encontramaua.com.br\\\/sobre\\\/construcao-da-ufabc-em-maua-comeca-em-2012-%e2%80%8e\\\/\",\"name\":\"Constru\u00e7\u00e3o da UFABC em Mau\u00e1 come\u00e7a em 2012 \u200e - Encontra Mau\u00e1\",\"isPartOf\":{\"@id\":\"https:\\\/\\\/www.encontramaua.com.br\\\/sobre\\\/#website\"},\"datePublished\":\"2011-08-17T04:16:41+00:00\",\"dateModified\":\"2013-08-13T19:36:05+00:00\",\"author\":{\"@id\":\"https:\\\/\\\/www.encontramaua.com.br\\\/sobre\\\/#\\\/schema\\\/person\\\/a7061e2b0d7e11612046d3434c5afa96\"},\"breadcrumb\":{\"@id\":\"https:\\\/\\\/www.encontramaua.com.br\\\/sobre\\\/construcao-da-ufabc-em-maua-comeca-em-2012-%e2%80%8e\\\/#breadcrumb\"},\"inLanguage\":\"pt-BR\",\"potentialAction\":[{\"@type\":\"ReadAction\",\"target\":[\"https:\\\/\\\/www.encontramaua.com.br\\\/sobre\\\/construcao-da-ufabc-em-maua-comeca-em-2012-%e2%80%8e\\\/\"]}]},{\"@type\":\"BreadcrumbList\",\"@id\":\"https:\\\/\\\/www.encontramaua.com.br\\\/sobre\\\/construcao-da-ufabc-em-maua-comeca-em-2012-%e2%80%8e\\\/#breadcrumb\",\"itemListElement\":[{\"@type\":\"ListItem\",\"position\":1,\"name\":\"In\u00edcio\",\"item\":\"https:\\\/\\\/www.encontramaua.com.br\\\/sobre\\\/\"},{\"@type\":\"ListItem\",\"position\":2,\"name\":\"Constru\u00e7\u00e3o da UFABC em Mau\u00e1 come\u00e7a em 2012 \u200e\"}]},{\"@type\":\"WebSite\",\"@id\":\"https:\\\/\\\/www.encontramaua.com.br\\\/sobre\\\/#website\",\"url\":\"https:\\\/\\\/www.encontramaua.com.br\\\/sobre\\\/\",\"name\":\"Encontra Mau\u00e1\",\"description\":\"Not\u00edcias, eventos, informa\u00e7\u00f5es e dicas na cidade de Mau\u00e1 e regi\u00e3o\",\"potentialAction\":[{\"@type\":\"SearchAction\",\"target\":{\"@type\":\"EntryPoint\",\"urlTemplate\":\"https:\\\/\\\/www.encontramaua.com.br\\\/sobre\\\/?s={search_term_string}\"},\"query-input\":{\"@type\":\"PropertyValueSpecification\",\"valueRequired\":true,\"valueName\":\"search_term_string\"}}],\"inLanguage\":\"pt-BR\"},{\"@type\":\"Person\",\"@id\":\"https:\\\/\\\/www.encontramaua.com.br\\\/sobre\\\/#\\\/schema\\\/person\\\/a7061e2b0d7e11612046d3434c5afa96\",\"name\":\"Encontra Mau\u00e1\",\"image\":{\"@type\":\"ImageObject\",\"inLanguage\":\"pt-BR\",\"@id\":\"https:\\\/\\\/secure.gravatar.com\\\/avatar\\\/507340682b8270222e1f208e23198b6ae7e2c6a1033ae84e99bc6bce4f82a387?s=96&d=mm&r=g\",\"url\":\"https:\\\/\\\/secure.gravatar.com\\\/avatar\\\/507340682b8270222e1f208e23198b6ae7e2c6a1033ae84e99bc6bce4f82a387?s=96&d=mm&r=g\",\"contentUrl\":\"https:\\\/\\\/secure.gravatar.com\\\/avatar\\\/507340682b8270222e1f208e23198b6ae7e2c6a1033ae84e99bc6bce4f82a387?s=96&d=mm&r=g\",\"caption\":\"Encontra Mau\u00e1\"},\"sameAs\":[\"http:\\\/\\\/www.encontramaua.com.br\"],\"url\":\"https:\\\/\\\/www.encontramaua.com.br\\\/sobre\\\/author\\\/emaua\\\/\"}]}<\/script>\n<!-- \/ Yoast SEO plugin. -->","yoast_head_json":{"title":"Constru\u00e7\u00e3o da UFABC em Mau\u00e1 come\u00e7a em 2012 \u200e - Encontra Mau\u00e1","robots":{"index":"index","follow":"follow","max-snippet":"max-snippet:-1","max-image-preview":"max-image-preview:large","max-video-preview":"max-video-preview:-1"},"canonical":"https:\/\/www.encontramaua.com.br\/sobre\/construcao-da-ufabc-em-maua-comeca-em-2012-\u200e\/","og_locale":"pt_BR","og_type":"article","og_title":"Constru\u00e7\u00e3o da UFABC em Mau\u00e1 come\u00e7a em 2012 \u200e - Encontra Mau\u00e1","og_description":"Depois de encontro com a presidente Dilma Roussef em Bras\u00edlia, nesta ter\u00e7a-feira (17), o prefeito da cidade Mau\u00e1, Oswaldo Dias (PT), obteve confirma\u00e7\u00e3o da constru\u00e7\u00e3o do campus da UFABC (Universidade Federal do ABC) no munic\u00edpio, provavelmente a partir do pr\u00f3ximo ano. As obras, no entanto, s\u00f3 dever\u00e3o ser conclu\u00eddas em, no m\u00ednimo, 24 meses, o que gera expectativa de que as aulas sejam iniciadas em espa\u00e7o provis\u00f3rio, como aconteceu em Santo Andr\u00e9 e S\u00e3o Bernardo. Segundo o prefeito, a compra do terreno &#8211; localizado na avenida Papa Jo\u00e3o XXIII, no Parque S\u00e3o Vicente -, feita pelo Governo Federal, dever\u00e1 ser","og_url":"https:\/\/www.encontramaua.com.br\/sobre\/construcao-da-ufabc-em-maua-comeca-em-2012-\u200e\/","og_site_name":"Encontra Mau\u00e1","article_published_time":"2011-08-17T04:16:41+00:00","article_modified_time":"2013-08-13T19:36:05+00:00","author":"Encontra Mau\u00e1","twitter_card":"summary_large_image","twitter_misc":{"Escrito por":"Encontra Mau\u00e1","Est. tempo de leitura":"1 minuto"},"schema":{"@context":"https:\/\/schema.org","@graph":[{"@type":"Article","@id":"https:\/\/www.encontramaua.com.br\/sobre\/construcao-da-ufabc-em-maua-comeca-em-2012-%e2%80%8e\/#article","isPartOf":{"@id":"https:\/\/www.encontramaua.com.br\/sobre\/construcao-da-ufabc-em-maua-comeca-em-2012-%e2%80%8e\/"},"author":{"name":"Encontra Mau\u00e1","@id":"https:\/\/www.encontramaua.com.br\/sobre\/#\/schema\/person\/a7061e2b0d7e11612046d3434c5afa96"},"headline":"Constru\u00e7\u00e3o da UFABC em Mau\u00e1 come\u00e7a em 2012 \u200e","datePublished":"2011-08-17T04:16:41+00:00","dateModified":"2013-08-13T19:36:05+00:00","mainEntityOfPage":{"@id":"https:\/\/www.encontramaua.com.br\/sobre\/construcao-da-ufabc-em-maua-comeca-em-2012-%e2%80%8e\/"},"wordCount":304,"commentCount":0,"articleSection":["Not\u00edcias Mau\u00e1"],"inLanguage":"pt-BR","potentialAction":[{"@type":"CommentAction","name":"Comment","target":["https:\/\/www.encontramaua.com.br\/sobre\/construcao-da-ufabc-em-maua-comeca-em-2012-%e2%80%8e\/#respond"]}]},{"@type":"WebPage","@id":"https:\/\/www.encontramaua.com.br\/sobre\/construcao-da-ufabc-em-maua-comeca-em-2012-%e2%80%8e\/","url":"https:\/\/www.encontramaua.com.br\/sobre\/construcao-da-ufabc-em-maua-comeca-em-2012-%e2%80%8e\/","name":"Constru\u00e7\u00e3o da UFABC em Mau\u00e1 come\u00e7a em 2012 \u200e - Encontra Mau\u00e1","isPartOf":{"@id":"https:\/\/www.encontramaua.com.br\/sobre\/#website"},"datePublished":"2011-08-17T04:16:41+00:00","dateModified":"2013-08-13T19:36:05+00:00","author":{"@id":"https:\/\/www.encontramaua.com.br\/sobre\/#\/schema\/person\/a7061e2b0d7e11612046d3434c5afa96"},"breadcrumb":{"@id":"https:\/\/www.encontramaua.com.br\/sobre\/construcao-da-ufabc-em-maua-comeca-em-2012-%e2%80%8e\/#breadcrumb"},"inLanguage":"pt-BR","potentialAction":[{"@type":"ReadAction","target":["https:\/\/www.encontramaua.com.br\/sobre\/construcao-da-ufabc-em-maua-comeca-em-2012-%e2%80%8e\/"]}]},{"@type":"BreadcrumbList","@id":"https:\/\/www.encontramaua.com.br\/sobre\/construcao-da-ufabc-em-maua-comeca-em-2012-%e2%80%8e\/#breadcrumb","itemListElement":[{"@type":"ListItem","position":1,"name":"In\u00edcio","item":"https:\/\/www.encontramaua.com.br\/sobre\/"},{"@type":"ListItem","position":2,"name":"Constru\u00e7\u00e3o da UFABC em Mau\u00e1 come\u00e7a em 2012 \u200e"}]},{"@type":"WebSite","@id":"https:\/\/www.encontramaua.com.br\/sobre\/#website","url":"https:\/\/www.encontramaua.com.br\/sobre\/","name":"Encontra Mau\u00e1","description":"Not\u00edcias, eventos, informa\u00e7\u00f5es e dicas na cidade de Mau\u00e1 e regi\u00e3o","potentialAction":[{"@type":"SearchAction","target":{"@type":"EntryPoint","urlTemplate":"https:\/\/www.encontramaua.com.br\/sobre\/?s={search_term_string}"},"query-input":{"@type":"PropertyValueSpecification","valueRequired":true,"valueName":"search_term_string"}}],"inLanguage":"pt-BR"},{"@type":"Person","@id":"https:\/\/www.encontramaua.com.br\/sobre\/#\/schema\/person\/a7061e2b0d7e11612046d3434c5afa96","name":"Encontra Mau\u00e1","image":{"@type":"ImageObject","inLanguage":"pt-BR","@id":"https:\/\/secure.gravatar.com\/avatar\/507340682b8270222e1f208e23198b6ae7e2c6a1033ae84e99bc6bce4f82a387?s=96&d=mm&r=g","url":"https:\/\/secure.gravatar.com\/avatar\/507340682b8270222e1f208e23198b6ae7e2c6a1033ae84e99bc6bce4f82a387?s=96&d=mm&r=g","contentUrl":"https:\/\/secure.gravatar.com\/avatar\/507340682b8270222e1f208e23198b6ae7e2c6a1033ae84e99bc6bce4f82a387?s=96&d=mm&r=g","caption":"Encontra Mau\u00e1"},"sameAs":["http:\/\/www.encontramaua.com.br"],"url":"https:\/\/www.encontramaua.com.br\/sobre\/author\/emaua\/"}]}},"_links":{"self":[{"href":"https:\/\/www.encontramaua.com.br\/sobre\/wp-json\/wp\/v2\/posts\/438","targetHints":{"allow":["GET"]}}],"collection":[{"href":"https:\/\/www.encontramaua.com.br\/sobre\/wp-json\/wp\/v2\/posts"}],"about":[{"href":"https:\/\/www.encontramaua.com.br\/sobre\/wp-json\/wp\/v2\/types\/post"}],"author":[{"embeddable":true,"href":"https:\/\/www.encontramaua.com.br\/sobre\/wp-json\/wp\/v2\/users\/1"}],"replies":[{"embeddable":true,"href":"https:\/\/www.encontramaua.com.br\/sobre\/wp-json\/wp\/v2\/comments?post=438"}],"version-history":[{"count":0,"href":"https:\/\/www.encontramaua.com.br\/sobre\/wp-json\/wp\/v2\/posts\/438\/revisions"}],"wp:attachment":[{"href":"https:\/\/www.encontramaua.com.br\/sobre\/wp-json\/wp\/v2\/media?parent=438"}],"wp:term":[{"taxonomy":"category","embeddable":true,"href":"https:\/\/www.encontramaua.com.br\/sobre\/wp-json\/wp\/v2\/categories?post=438"},{"taxonomy":"post_tag","embeddable":true,"href":"https:\/\/www.encontramaua.com.br\/sobre\/wp-json\/wp\/v2\/tags?post=438"}],"curies":[{"name":"wp","href":"https:\/\/api.w.org\/{rel}","templated":true}]}}